{"id":57863,"date":"2023-07-13T10:35:31","date_gmt":"2023-07-13T08:35:31","guid":{"rendered":"https:\/\/grosjeanvins.it\/?p=57863"},"modified":"2023-08-07T10:10:57","modified_gmt":"2023-08-07T08:10:57","slug":"nouvelle-degustation-pique-nique-dans-les-vignes-%f0%9f%a7%ba","status":"publish","type":"post","link":"https:\/\/grosjeanvins.it\/fr\/57863\/nouvelle-degustation-pique-nique-dans-les-vignes-%f0%9f%a7%ba\/","title":{"rendered":"Nouvelle d\u00e9gustation: pique-nique dans les vignes \ud83e\uddfa"},"content":{"rendered":"\n<h2 class=\"wp-block-heading\">Deux parcours pour profiter d&#8217;un vrai pique-nique dans les vignes en compagnie de nos vins et des d\u00e9lices d&#8217;Erbavoglio.<strong>  <\/strong><\/h2>\n\n\n\n<p>Vous souhaitez d\u00e9guster les vins de la Vall\u00e9e d&#8217;Aoste en plein air, dans les vignobles ? C&#8217;est d\u00e9sormais possible, avec nos pique-niques dans les vignes !<\/p>\n\n\n\n<p>Uniques, ils vous permettent de profiter d&#8217;une coupe de vin avec la vue imprenable sur les montagnes qui entourent Aoste, immerg\u00e9 dans les rang\u00e9es des meilleurs crus de la Vall\u00e9e d&#8217;Aoste, entour\u00e9 de c\u00e9pages indig\u00e8nes.<\/p>\n\n\n\n<h3 class=\"wp-block-heading\">Comment \u00e7a marche?<\/h3>\n\n\n\n<p>Le pique-nique dans les vignes comprend une <a href=\"https:\/\/grosjeanvins.it\/fr\/degustations\/\">visite initiale de la cave<\/a> avec une explication des processus de vinification et une introduction historique \u00e0 l&#8217;entreprise Grosjean Vins et \u00e0 la r\u00e9gion dans laquelle elle se trouve.<\/p>\n\n\n\n<p>Le forfait de d\u00e9gustation sera ensuite expliqu\u00e9 et vous recevrez un panier en osier contenant 1 bouteille de vin (au choix parmi plusieurs propositions), une bo\u00eete par personne avec une s\u00e9lection de fromages <a href=\"https:\/\/www.erbavoglioformaggi.it\/\">d&#8217;Erbavoglio<\/a> et de charcuterie de <a href=\"https:\/\/www.bertolin.com\/\">Maison Bertolin<\/a> et des grissini de <a href=\"https:\/\/grissinificiocalvi.wixsite.com\/website\/i-nostri-prodotti\">Grissinificio Calvi<\/a>.<\/p>\n\n\n\n<p>Le panier comprend \u00e9galement une paire de verres \u00e0 vin, deux bouteilles d&#8217;eau naturelle et, en cadeau, vous recevrez un tire-bouchon s\u00e9rigraphi\u00e9 Grosjean.<\/p>\n\n\n\n<p>La classique nappe de pique-nique Grosjean ne manquera pas.<\/p>\n\n\n\n<figure class=\"wp-block-image size-full\"><img fetchpriority=\"high\" decoding=\"async\" width=\"2480\" height=\"550\" src=\"https:\/\/grosjeanvins.it\/files\/2023\/07\/cestino_picnic.png\" alt=\"picnic in vigna valle d'aosta\" class=\"wp-image-57687\" title=\"picnic vino Valle d'Aosta\" srcset=\"https:\/\/grosjeanvins.it\/files\/2023\/07\/cestino_picnic.png 2480w, https:\/\/grosjeanvins.it\/files\/2023\/07\/cestino_picnic-1536x341.png 1536w, https:\/\/grosjeanvins.it\/files\/2023\/07\/cestino_picnic-2048x454.png 2048w, https:\/\/grosjeanvins.it\/files\/2023\/07\/cestino_picnic-1024x227.png 1024w, https:\/\/grosjeanvins.it\/files\/2023\/07\/cestino_picnic-600x133.png 600w, https:\/\/grosjeanvins.it\/files\/2023\/07\/cestino_picnic-350x78.png 350w\" sizes=\"(max-width: 2480px) 100vw, 2480px\" \/><\/figure>\n\n\n\n<h3 class=\"wp-block-heading\">Quel parcours choisir?<\/h3>\n\n\n\n<p>Nous proposons deux parcours de pique-nique dans les vignobles, pour une d\u00e9gustation savoureuse:<\/p>\n\n\n\n<ul class=\"wp-block-list\">\n<li><strong>Parcours 1 | Vigne Tzeriat:<\/strong>\u00a0Plant\u00e9e dans les ann\u00e9es 1960 par le grand-p\u00e8re Dauphin, la vigne Tzeriat est le plus ancien vignoble de notre entreprise. Il se trouve \u00e0 une altitude de plus de 800 m\u00e8tres au-dessus du niveau de la mer, dans un amphith\u00e9\u00e2tre naturel qui le prot\u00e8ge des vents froids hivernaux de la Vall\u00e9e d&#8217;Aoste et qui \u00e9tait d\u00e9j\u00e0 au si\u00e8cle pass\u00e9 le site de vinification pr\u00e9f\u00e9r\u00e9 des Seigneurs de Quart. Le Pinot Noir, le Chardonnay et le Gamay sont cultiv\u00e9s.<\/li>\n<\/ul>\n\n\n\n<ul class=\"wp-block-list\">\n<li><strong>Parcours 2 | Vigne Rovettaz:<\/strong>\u00a0Vignoble de 6 hectares, il \u00e9tait enti\u00e8rement recouvert de ch\u00eanes rouvre pour la plupart incultes il y a quelques d\u00e9cennies seulement. Avec de la peine, du d\u00e9vouement et de nombreuses heures de travail, on a r\u00e9ussi petit \u00e0 petit \u00e0 rendre \u00e0 ce vignoble ancien, d\u00e9j\u00e0 c\u00e9l\u00e8bre au XVIIIe si\u00e8cle pour \u00eatre l&#8217;un des plus importants crus de la Vall\u00e9e d&#8217;Aoste, son charme et sa dignit\u00e9. On y cultive la Petite Arvine, le Torrette Superieur, le Cornalin, le Fumin et le Nebbiolo.<\/li>\n<\/ul>\n\n\n\n<figure class=\"wp-block-image size-full\"><img decoding=\"async\" width=\"1352\" height=\"328\" src=\"https:\/\/grosjeanvins.it\/files\/2023\/07\/picnic_degustazione_vini_valledaosta.png\" alt=\"\" class=\"wp-image-57693\" srcset=\"https:\/\/grosjeanvins.it\/files\/2023\/07\/picnic_degustazione_vini_valledaosta.png 1352w, https:\/\/grosjeanvins.it\/files\/2023\/07\/picnic_degustazione_vini_valledaosta-1024x248.png 1024w, https:\/\/grosjeanvins.it\/files\/2023\/07\/picnic_degustazione_vini_valledaosta-600x146.png 600w, https:\/\/grosjeanvins.it\/files\/2023\/07\/picnic_degustazione_vini_valledaosta-350x85.png 350w\" sizes=\"(max-width: 1352px) 100vw, 1352px\" \/><\/figure>\n\n\n\n<h3 class=\"wp-block-heading\">Pour r\u00e9server?<\/h3>\n\n\n\n<p>Pour r\u00e9server votre d\u00e9gustation pique-nique dans les vignobles, il vous suffit de cliquer ici et de choisir le jour et l&#8217;heure disponibles. Veuillez noter que les d\u00e9gustations pique-nique sont ouvertes jusqu&#8217;\u00e0 18h30 et sont valables pour un couple, jusqu&#8217;\u00e0 un maximum de 5 couples en m\u00eame temps.<\/p>\n\n\n\n<div class=\"wp-block-buttons\">\n<div class=\"wp-block-button\"><a class=\"wp-block-button__link wp-element-button\">R\u00e9servez!<\/a><\/div>\n<\/div>\n\n\n\n<hr class=\"wp-block-separator has-alpha-channel-opacity\" \/>\n\n\n\n<p>Si vous avez des allergies ou des intol\u00e9rances, veuillez le signaler dans les <em>notes <\/em>lors de la r\u00e9servation.<\/p>\n\n\n\n<hr class=\"wp-block-separator has-alpha-channel-opacity\" \/>\n\n\n\n<div class=\"wp-block-buttons is-content-justification-center\">\n<div class=\"wp-block-button is-style-outline is-style-outline--1\"><a class=\"wp-block-button__link wp-element-button\" href=\"https:\/\/drive.google.com\/file\/d\/16vzpArhbr7ruRvIQmEVZcrlcQegf8xfL\/view?usp=sharing\" target=\"_blank\" rel=\"noreferrer noopener\">T\u00e9l\u00e9chargez le d\u00e9pliant<\/a><\/div>\n<\/div>\n\n\n<div class=\"woocommerce columns-4 \"><ul class=\"products columns-4\">\n        <li class=\"product-card post-57911 product type-product status-publish has-post-thumbnail product_cat-bulles first instock taxable shipping-taxable purchasable product-type-simple wine-type-is-none\">\n\n                <a href=\"https:\/\/grosjeanvins.it\/fr\/prodotto\/mas-du-jario-blanc-de-noir-extra-brut\/\" class=\"woocommerce-LoopProduct-link woocommerce-loop-product__link\">                <div class=\"product-card__image-container\"><img decoding=\"async\" width=\"148\" height=\"350\" src=\"https:\/\/grosjeanvins.it\/files\/2023\/01\/mas_du_jario-min-148x350.png\" class=\"attachment-natural_sm size-natural_sm\" alt=\"mas_du_jario_sparkling_wine_bubbles\" srcset=\"https:\/\/grosjeanvins.it\/files\/2023\/01\/mas_du_jario-min-148x350.png 148w, https:\/\/grosjeanvins.it\/files\/2023\/01\/mas_du_jario-min-432x1024.png 432w, https:\/\/grosjeanvins.it\/files\/2023\/01\/mas_du_jario-min-253x600.png 253w, https:\/\/grosjeanvins.it\/files\/2023\/01\/mas_du_jario-min.png 570w\" sizes=\"(max-width: 148px) 100vw, 148px\" \/><\/div>\n                <h2 class=\"woocommerce-loop-product__title\"><span class=\"woocommerce-loop-product__title-p1\">Mas Du Jario<\/span><span class=\"woocommerce-loop-product__title-p2\">Blanc De Noir Extra Brut<\/span><\/h2>\n                <div class=\"star-rating\" role=\"img\" aria-label=\"Rated 5.00 out of 5\"><span style=\"width:100%\">Rated <strong class=\"rating\">5.00<\/strong> out of 5<\/span><\/div><p class=\"product-card__price-container\">\n\t<span class=\"price\"><span class=\"woocommerce-Price-amount amount\"><bdi>30,00&nbsp;<span class=\"woocommerce-Price-currencySymbol\">&euro;<\/span><\/bdi><\/span><\/span>\n\n                <\/a><a href=\"\/fr\/wp-json\/wp\/v2\/posts\/57863?add-to-cart=57911\" aria-describedby=\"woocommerce_loop_add_to_cart_link_describedby_57911\" data-quantity=\"1\" class=\"button product_type_simple add_to_cart_button ajax_add_to_cart\" data-product_id=\"57911\" data-product_sku=\"\" aria-label=\"Add to cart: &ldquo;Mas Du Jario Blanc De Noir Extra Brut&rdquo;\" rel=\"nofollow\" data-success_message=\"&ldquo;Mas Du Jario Blanc De Noir Extra Brut&rdquo; has been added to your cart\" role=\"button\"><\/a>\t<span id=\"woocommerce_loop_add_to_cart_link_describedby_57911\" class=\"screen-reader-text\">\n\t\t\t<\/span>\n<\/p>    <\/li>\n        <li class=\"product-card post-57941 product type-product status-publish has-post-thumbnail product_cat-vini-biologici-fr  instock taxable shipping-taxable purchasable product-type-simple wine-type-is-red\">\n\n                <a href=\"https:\/\/grosjeanvins.it\/fr\/prodotto\/pinot-noir-vigne-tzeriat-vallee-daoste-doc\/\" class=\"woocommerce-LoopProduct-link woocommerce-loop-product__link\">                <div class=\"product-card__image-container\"><img loading=\"lazy\" decoding=\"async\" width=\"148\" height=\"350\" src=\"https:\/\/grosjeanvins.it\/files\/2023\/01\/Pinot-Noir-Tzeriat-min-148x350.png\" class=\"attachment-natural_sm size-natural_sm\" alt=\"Pinot Noir_vigne_Tzeriat_Aosta\" srcset=\"https:\/\/grosjeanvins.it\/files\/2023\/01\/Pinot-Noir-Tzeriat-min-148x350.png 148w, https:\/\/grosjeanvins.it\/files\/2023\/01\/Pinot-Noir-Tzeriat-min-432x1024.png 432w, https:\/\/grosjeanvins.it\/files\/2023\/01\/Pinot-Noir-Tzeriat-min-253x600.png 253w, https:\/\/grosjeanvins.it\/files\/2023\/01\/Pinot-Noir-Tzeriat-min.png 570w\" sizes=\"auto, (max-width: 148px) 100vw, 148px\" \/><span class=\"woocommerce-loop-product__organic\"><img decoding=\"async\" src=\"https:\/\/grosjeanvins.it\/wp-content\/themes\/grosjean\/assets\/images\/bio.png\"><\/span><\/div>\n                <h2 class=\"woocommerce-loop-product__title\"><span class=\"woocommerce-loop-product__title-p1\">Pinot Noir <\/span><span class=\"woocommerce-loop-product__title-p2\">Vigne Tzeriat<\/span><span class=\"woocommerce-loop-product__title-subtitle\">Vall\u00e9e D\u2019Aoste DOC<\/span><\/h2>\n                <div class=\"star-rating\" role=\"img\" aria-label=\"Rated 4.67 out of 5\"><span style=\"width:93.4%\">Rated <strong class=\"rating\">4.67<\/strong> out of 5<\/span><\/div><p class=\"product-card__price-container\">\n\t<span class=\"price\"><span class=\"woocommerce-Price-amount amount\"><bdi>25,00&nbsp;<span class=\"woocommerce-Price-currencySymbol\">&euro;<\/span><\/bdi><\/span><\/span>\n\n                <\/a><a href=\"\/fr\/wp-json\/wp\/v2\/posts\/57863?add-to-cart=57941\" aria-describedby=\"woocommerce_loop_add_to_cart_link_describedby_57941\" data-quantity=\"1\" class=\"button product_type_simple add_to_cart_button ajax_add_to_cart\" data-product_id=\"57941\" data-product_sku=\"\" aria-label=\"Add to cart: &ldquo;Pinot Noir Vigne Tzeriat Vall\u00e9e d\u2019Aoste DOC&rdquo;\" rel=\"nofollow\" data-success_message=\"&ldquo;Pinot Noir Vigne Tzeriat Vall\u00e9e d\u2019Aoste DOC&rdquo; has been added to your cart\" role=\"button\"><\/a>\t<span id=\"woocommerce_loop_add_to_cart_link_describedby_57941\" class=\"screen-reader-text\">\n\t\t\t<\/span>\n<\/p>    <\/li>\n        <li class=\"product-card post-57917 product type-product status-publish has-post-thumbnail product_cat-vini-biologici-fr  instock taxable shipping-taxable purchasable product-type-simple wine-type-is-white\">\n\n                <a href=\"https:\/\/grosjeanvins.it\/fr\/prodotto\/chambave-muscat-vallee-daoste-doc\/\" class=\"woocommerce-LoopProduct-link woocommerce-loop-product__link\">                <div class=\"product-card__image-container\"><img loading=\"lazy\" decoding=\"async\" width=\"148\" height=\"350\" src=\"https:\/\/grosjeanvins.it\/files\/2023\/01\/chambave_muscat-min-148x350.png\" class=\"attachment-natural_sm size-natural_sm\" alt=\"chambave_muscat_ValledAosta_vino_bianco\" srcset=\"https:\/\/grosjeanvins.it\/files\/2023\/01\/chambave_muscat-min-148x350.png 148w, https:\/\/grosjeanvins.it\/files\/2023\/01\/chambave_muscat-min-432x1024.png 432w, https:\/\/grosjeanvins.it\/files\/2023\/01\/chambave_muscat-min-253x600.png 253w, https:\/\/grosjeanvins.it\/files\/2023\/01\/chambave_muscat-min.png 570w\" sizes=\"auto, (max-width: 148px) 100vw, 148px\" \/><span class=\"woocommerce-loop-product__organic\"><img decoding=\"async\" src=\"https:\/\/grosjeanvins.it\/wp-content\/themes\/grosjean\/assets\/images\/bio.png\"><\/span><\/div>\n                <h2 class=\"woocommerce-loop-product__title\"><span class=\"woocommerce-loop-product__title-p1\">Chambave Muscat<\/span><span class=\"woocommerce-loop-product__title-subtitle\">Vall\u00e9e D\u2019Aoste DOC<\/span><\/h2>\n                <div class=\"star-rating\" role=\"img\" aria-label=\"Rated 4.67 out of 5\"><span style=\"width:93.4%\">Rated <strong class=\"rating\">4.67<\/strong> out of 5<\/span><\/div><p class=\"product-card__price-container\">\n\t<span class=\"price\"><span class=\"woocommerce-Price-amount amount\"><bdi>19,00&nbsp;<span class=\"woocommerce-Price-currencySymbol\">&euro;<\/span><\/bdi><\/span><\/span>\n\n                <\/a><a href=\"\/fr\/wp-json\/wp\/v2\/posts\/57863?add-to-cart=57917\" aria-describedby=\"woocommerce_loop_add_to_cart_link_describedby_57917\" data-quantity=\"1\" class=\"button product_type_simple add_to_cart_button ajax_add_to_cart\" data-product_id=\"57917\" data-product_sku=\"\" aria-label=\"Add to cart: &ldquo;Chambave Muscat Vall\u00e9e D\u2019Aoste DOC&rdquo;\" rel=\"nofollow\" data-success_message=\"&ldquo;Chambave Muscat Vall\u00e9e D\u2019Aoste DOC&rdquo; has been added to your cart\" role=\"button\"><\/a>\t<span id=\"woocommerce_loop_add_to_cart_link_describedby_57917\" class=\"screen-reader-text\">\n\t\t\t<\/span>\n<\/p>    <\/li>\n<\/ul>\n<\/div>\n","protected":false},"excerpt":{"rendered":"<p>Deux parcours pour profiter d&#8217;un vrai pique-nique dans les vignes en compagnie de nos vins et des d\u00e9lices d&#8217;Erbavoglio. Vous souhaitez d\u00e9guster les vins de la Vall\u00e9e d&#8217;Aoste en plein air, dans les vignobles ? C&#8217;est d\u00e9sormais possible, avec nos pique-niques dans les vignes ! Uniques, ils vous permettent de profiter d&#8217;une coupe de vin [&hellip;]<\/p>\n","protected":false},"author":22554,"featured_media":57669,"comment_status":"open","ping_status":"closed","sticky":false,"template":"","format":"standard","meta":{"_acf_changed":false,"_monsterinsights_skip_tracking":false,"_monsterinsights_sitenote_active":false,"_monsterinsights_sitenote_note":"","_monsterinsights_sitenote_category":0,"footnotes":""},"categories":[4],"tags":[],"class_list":["post-57863","post","type-post","status-publish","format-standard","has-post-thumbnail","hentry","category-non-classifiee"],"yoast_head":"<!-- This site is optimized with the Yoast SEO plugin v27.3 - https:\/\/yoast.com\/product\/yoast-seo-wordpress\/ -->\n<title>Nouvelle d\u00e9gustation: pique-nique dans les vignes \ud83e\uddfa | Produttori di Vino in Valle d&#039;Aosta | Grosjean Vins<\/title>\n<meta name=\"description\" content=\"Deux parcours pour profiter d&#039;un vrai pique-nique dans les vignes en compagnie de nos vins et des d\u00e9lices d&#039;Erbavoglio. Vous souhaitez d\u00e9guster les vins\" \/>\n<meta name=\"robots\" content=\"index, follow, max-snippet:-1, max-image-preview:large, max-video-preview:-1\" \/>\n<link rel=\"canonical\" href=\"https:\/\/grosjeanvins.it\/fr\/57863\/nouvelle-degustation-pique-nique-dans-les-vignes-\ud83e\uddfa\/\" \/>\n<meta property=\"og:locale\" content=\"fr_FR\" \/>\n<meta property=\"og:type\" content=\"article\" \/>\n<meta property=\"og:title\" content=\"Nouvelle d\u00e9gustation: pique-nique dans les vignes \ud83e\uddfa | Produttori di Vino in Valle d&#039;Aosta | Grosjean Vins\" \/>\n<meta property=\"og:description\" content=\"Deux parcours pour profiter d&#039;un vrai pique-nique dans les vignes en compagnie de nos vins et des d\u00e9lices d&#039;Erbavoglio. Vous souhaitez d\u00e9guster les vins\" \/>\n<meta property=\"og:url\" content=\"https:\/\/grosjeanvins.it\/fr\/57863\/nouvelle-degustation-pique-nique-dans-les-vignes-\ud83e\uddfa\/\" \/>\n<meta property=\"og:site_name\" content=\"Grosjean Vins\" \/>\n<meta property=\"article:published_time\" content=\"2023-07-13T08:35:31+00:00\" \/>\n<meta property=\"article:modified_time\" content=\"2023-08-07T08:10:57+00:00\" \/>\n<meta property=\"og:image\" content=\"https:\/\/grosjeanvins.it\/files\/2023\/07\/grosjean_picnic-1-di-1-min-scaled.jpg\" \/>\n\t<meta property=\"og:image:width\" content=\"1920\" \/>\n\t<meta property=\"og:image:height\" content=\"2560\" \/>\n\t<meta property=\"og:image:type\" content=\"image\/jpeg\" \/>\n<meta name=\"author\" content=\"Simon\" \/>\n<meta name=\"twitter:card\" content=\"summary_large_image\" \/>\n<meta name=\"twitter:label1\" content=\"Written by\" \/>\n\t<meta name=\"twitter:data1\" content=\"Simon\" \/>\n\t<meta name=\"twitter:label2\" content=\"Est. reading time\" \/>\n\t<meta name=\"twitter:data2\" content=\"3 minutes\" \/>\n<!-- \/ Yoast SEO plugin. -->","yoast_head_json":{"title":"Nouvelle d\u00e9gustation: pique-nique dans les vignes \ud83e\uddfa | Produttori di Vino in Valle d&#039;Aosta | Grosjean Vins","description":"Deux parcours pour profiter d'un vrai pique-nique dans les vignes en compagnie de nos vins et des d\u00e9lices d'Erbavoglio. Vous souhaitez d\u00e9guster les vins","robots":{"index":"index","follow":"follow","max-snippet":"max-snippet:-1","max-image-preview":"max-image-preview:large","max-video-preview":"max-video-preview:-1"},"canonical":"https:\/\/grosjeanvins.it\/fr\/57863\/nouvelle-degustation-pique-nique-dans-les-vignes-\ud83e\uddfa\/","og_locale":"fr_FR","og_type":"article","og_title":"Nouvelle d\u00e9gustation: pique-nique dans les vignes \ud83e\uddfa | Produttori di Vino in Valle d&#039;Aosta | Grosjean Vins","og_description":"Deux parcours pour profiter d'un vrai pique-nique dans les vignes en compagnie de nos vins et des d\u00e9lices d'Erbavoglio. Vous souhaitez d\u00e9guster les vins","og_url":"https:\/\/grosjeanvins.it\/fr\/57863\/nouvelle-degustation-pique-nique-dans-les-vignes-\ud83e\uddfa\/","og_site_name":"Grosjean Vins","article_published_time":"2023-07-13T08:35:31+00:00","article_modified_time":"2023-08-07T08:10:57+00:00","og_image":[{"width":1920,"height":2560,"url":"https:\/\/grosjeanvins.it\/files\/2023\/07\/grosjean_picnic-1-di-1-min-scaled.jpg","type":"image\/jpeg"}],"author":"Simon","twitter_card":"summary_large_image","twitter_misc":{"Written by":"Simon","Est. reading time":"3 minutes"},"schema":{"@context":"https:\/\/schema.org","@graph":[{"@type":"Article","@id":"https:\/\/grosjeanvins.it\/fr\/57863\/nouvelle-degustation-pique-nique-dans-les-vignes-%f0%9f%a7%ba\/#article","isPartOf":{"@id":"https:\/\/grosjeanvins.it\/fr\/57863\/nouvelle-degustation-pique-nique-dans-les-vignes-%f0%9f%a7%ba\/"},"author":{"name":"Simon","@id":"https:\/\/grosjeanvins.it\/#\/schema\/person\/8b2317e1c6cea7348ea10c231910b1ad"},"headline":"Nouvelle d\u00e9gustation: pique-nique dans les vignes \ud83e\uddfa","datePublished":"2023-07-13T08:35:31+00:00","dateModified":"2023-08-07T08:10:57+00:00","mainEntityOfPage":{"@id":"https:\/\/grosjeanvins.it\/fr\/57863\/nouvelle-degustation-pique-nique-dans-les-vignes-%f0%9f%a7%ba\/"},"wordCount":507,"commentCount":0,"publisher":{"@id":"https:\/\/grosjeanvins.it\/#organization"},"image":{"@id":"https:\/\/grosjeanvins.it\/fr\/57863\/nouvelle-degustation-pique-nique-dans-les-vignes-%f0%9f%a7%ba\/#primaryimage"},"thumbnailUrl":"https:\/\/grosjeanvins.it\/files\/2023\/07\/grosjean_picnic-1-di-1-min-scaled.jpg","articleSection":["Non classifi\u00e9(e)"],"inLanguage":"fr-FR","potentialAction":[{"@type":"CommentAction","name":"Comment","target":["https:\/\/grosjeanvins.it\/fr\/57863\/nouvelle-degustation-pique-nique-dans-les-vignes-%f0%9f%a7%ba\/#respond"]}]},{"@type":"WebPage","@id":"https:\/\/grosjeanvins.it\/fr\/57863\/nouvelle-degustation-pique-nique-dans-les-vignes-%f0%9f%a7%ba\/","url":"https:\/\/grosjeanvins.it\/fr\/57863\/nouvelle-degustation-pique-nique-dans-les-vignes-%f0%9f%a7%ba\/","name":"Nouvelle d\u00e9gustation: pique-nique dans les vignes \ud83e\uddfa | Produttori di Vino in Valle d&#039;Aosta | Grosjean Vins","isPartOf":{"@id":"https:\/\/grosjeanvins.it\/#website"},"primaryImageOfPage":{"@id":"https:\/\/grosjeanvins.it\/fr\/57863\/nouvelle-degustation-pique-nique-dans-les-vignes-%f0%9f%a7%ba\/#primaryimage"},"image":{"@id":"https:\/\/grosjeanvins.it\/fr\/57863\/nouvelle-degustation-pique-nique-dans-les-vignes-%f0%9f%a7%ba\/#primaryimage"},"thumbnailUrl":"https:\/\/grosjeanvins.it\/files\/2023\/07\/grosjean_picnic-1-di-1-min-scaled.jpg","datePublished":"2023-07-13T08:35:31+00:00","dateModified":"2023-08-07T08:10:57+00:00","description":"Deux parcours pour profiter d'un vrai pique-nique dans les vignes en compagnie de nos vins et des d\u00e9lices d'Erbavoglio. Vous souhaitez d\u00e9guster les vins","breadcrumb":{"@id":"https:\/\/grosjeanvins.it\/fr\/57863\/nouvelle-degustation-pique-nique-dans-les-vignes-%f0%9f%a7%ba\/#breadcrumb"},"inLanguage":"fr-FR","potentialAction":[{"@type":"ReadAction","target":["https:\/\/grosjeanvins.it\/fr\/57863\/nouvelle-degustation-pique-nique-dans-les-vignes-%f0%9f%a7%ba\/"]}]},{"@type":"ImageObject","inLanguage":"fr-FR","@id":"https:\/\/grosjeanvins.it\/fr\/57863\/nouvelle-degustation-pique-nique-dans-les-vignes-%f0%9f%a7%ba\/#primaryimage","url":"https:\/\/grosjeanvins.it\/files\/2023\/07\/grosjean_picnic-1-di-1-min-scaled.jpg","contentUrl":"https:\/\/grosjeanvins.it\/files\/2023\/07\/grosjean_picnic-1-di-1-min-scaled.jpg","width":1920,"height":2560,"caption":"Picnic degustazione in vigna tra le montagne della Valle d'Aosta"},{"@type":"BreadcrumbList","@id":"https:\/\/grosjeanvins.it\/fr\/57863\/nouvelle-degustation-pique-nique-dans-les-vignes-%f0%9f%a7%ba\/#breadcrumb","itemListElement":[{"@type":"ListItem","position":1,"name":"Home","item":"https:\/\/grosjeanvins.it\/fr\/"},{"@type":"ListItem","position":2,"name":"Nouvelle d\u00e9gustation: pique-nique dans les vignes \ud83e\uddfa"}]},{"@type":"WebSite","@id":"https:\/\/grosjeanvins.it\/#website","url":"https:\/\/grosjeanvins.it\/","name":"Grosjean Vins","description":"Produttori di Vino in Valle d&#039;Aosta","publisher":{"@id":"https:\/\/grosjeanvins.it\/#organization"},"potentialAction":[{"@type":"SearchAction","target":{"@type":"EntryPoint","urlTemplate":"https:\/\/grosjeanvins.it\/?s={search_term_string}"},"query-input":{"@type":"PropertyValueSpecification","valueRequired":true,"valueName":"search_term_string"}}],"inLanguage":"fr-FR"},{"@type":"Organization","@id":"https:\/\/grosjeanvins.it\/#organization","name":"Grosjean Vins","url":"https:\/\/grosjeanvins.it\/","logo":{"@type":"ImageObject","inLanguage":"fr-FR","@id":"https:\/\/grosjeanvins.it\/#\/schema\/logo\/image\/","url":"","contentUrl":"","caption":"Grosjean Vins"},"image":{"@id":"https:\/\/grosjeanvins.it\/#\/schema\/logo\/image\/"}},{"@type":"Person","@id":"https:\/\/grosjeanvins.it\/#\/schema\/person\/8b2317e1c6cea7348ea10c231910b1ad","name":"Simon","image":{"@type":"ImageObject","inLanguage":"fr-FR","@id":"https:\/\/secure.gravatar.com\/avatar\/bef999c8548d1eefcc195769296270516629d40adc90d9ed445186cfd37e0e7b?s=96&d=mm&r=g","url":"https:\/\/secure.gravatar.com\/avatar\/bef999c8548d1eefcc195769296270516629d40adc90d9ed445186cfd37e0e7b?s=96&d=mm&r=g","contentUrl":"https:\/\/secure.gravatar.com\/avatar\/bef999c8548d1eefcc195769296270516629d40adc90d9ed445186cfd37e0e7b?s=96&d=mm&r=g","caption":"Simon"},"url":"https:\/\/grosjeanvins.it\/fr\/author\/grosjeanvins\/"}]}},"acf":[],"_links":{"self":[{"href":"https:\/\/grosjeanvins.it\/fr\/wp-json\/wp\/v2\/posts\/57863","targetHints":{"allow":["GET"]}}],"collection":[{"href":"https:\/\/grosjeanvins.it\/fr\/wp-json\/wp\/v2\/posts"}],"about":[{"href":"https:\/\/grosjeanvins.it\/fr\/wp-json\/wp\/v2\/types\/post"}],"author":[{"embeddable":true,"href":"https:\/\/grosjeanvins.it\/fr\/wp-json\/wp\/v2\/users\/22554"}],"replies":[{"embeddable":true,"href":"https:\/\/grosjeanvins.it\/fr\/wp-json\/wp\/v2\/comments?post=57863"}],"version-history":[{"count":0,"href":"https:\/\/grosjeanvins.it\/fr\/wp-json\/wp\/v2\/posts\/57863\/revisions"}],"wp:featuredmedia":[{"embeddable":true,"href":"https:\/\/grosjeanvins.it\/fr\/wp-json\/wp\/v2\/media\/57669"}],"wp:attachment":[{"href":"https:\/\/grosjeanvins.it\/fr\/wp-json\/wp\/v2\/media?parent=57863"}],"wp:term":[{"taxonomy":"category","embeddable":true,"href":"https:\/\/grosjeanvins.it\/fr\/wp-json\/wp\/v2\/categories?post=57863"},{"taxonomy":"post_tag","embeddable":true,"href":"https:\/\/grosjeanvins.it\/fr\/wp-json\/wp\/v2\/tags?post=57863"}],"curies":[{"name":"wp","href":"https:\/\/api.w.org\/{rel}","templated":true}]}}